{"id":722,"date":"2014-05-29T20:15:54","date_gmt":"2014-05-29T19:15:54","guid":{"rendered":"http:\/\/www.sukain.com\/secondaire\/?p=722"},"modified":"2015-03-17T11:38:50","modified_gmt":"2015-03-17T10:38:50","slug":"inscriptions","status":"publish","type":"post","link":"https:\/\/www.sukain.be\/secondaire\/inscriptions\/","title":{"rendered":"Inscriptions"},"content":{"rendered":"<h2><\/h2>\n<p>Les parents qui le souhaitent peuvent contacter la direction pour un rendez-vous afin de visiter l\u2019\u00e9cole avec leur enfant en t\u00e9l\u00e9phonant au 069\/89.03.89<\/p>\n<p>&nbsp;<\/p>\n<p>Toute question relative aux inscriptions peut aussi \u00eatre adress\u00e9e \u00e0 secr_direction@sainteunionkain.be<\/p>\n<h4><span style=\"text-decoration: underline;\">\u00a0En premi\u00e8re ann\u00e9e :<\/span><\/h4>\n<p>Le document n\u00e9cessaire\u00a0 est\u00a0 le formulaire unique d\u2019inscription (FUI) d\u00e9livr\u00e9 par l\u2019\u00e9cole primaire.<\/p>\n<p>Si l\u2019\u00e9l\u00e8ve est scolaris\u00e9 \u00e0 l\u2019\u00e9tranger, ce document sera \u00e9tabli par l\u2019\u00e9cole secondaire.<\/p>\n<p>&nbsp;<\/p>\n<p>&nbsp;<\/p>\n","protected":false},"excerpt":{"rendered":"<p>Les parents qui le souhaitent peuvent contacter la direction pour un rendez-vous afin de visiter l\u2019\u00e9cole avec leur enfant en t\u00e9l\u00e9phonant au 069\/89.03.89 &nbsp; Toute question relative aux inscriptions peut aussi \u00eatre adress\u00e9e \u00e0 secr_direction@sainteunionkain.be \u00a0En premi\u00e8re ann\u00e9e : Le<\/p>\n","protected":false},"author":3,"featured_media":0,"comment_status":"closed","ping_status":"open","sticky":false,"template":"","format":"standard","meta":{"footnotes":""},"categories":[1],"tags":[],"post_folder":[],"yoast_head":"<!-- This site is optimized with the Yoast SEO plugin v20.0 - https:\/\/yoast.com\/wordpress\/plugins\/seo\/ -->\n<title>Inscriptions - \u00c9cole secondaire de la Sainte-Union de Kain (Tournai)<\/title>\n<meta name=\"description\" content=\"Ecole Secondaire Kain-Tournai Enseignement G\u00e9n\u00e9ral, Transition (Sciences sociales et \u00e9ducatives-Biotech), Enseignement qualifiant (Educateur-Ecole h\u00f4teli\u00e8re)\" \/>\n<meta name=\"robots\" content=\"index, follow, max-snippet:-1, max-image-preview:large, max-video-preview:-1\" \/>\n<link rel=\"canonical\" href=\"https:\/\/www.sukain.be\/secondaire\/inscriptions\/\" \/>\n<meta property=\"og:locale\" content=\"fr_FR\" \/>\n<meta property=\"og:type\" content=\"article\" \/>\n<meta property=\"og:title\" content=\"Inscriptions - \u00c9cole secondaire de la Sainte-Union de Kain (Tournai)\" \/>\n<meta property=\"og:description\" content=\"Ecole Secondaire Kain-Tournai Enseignement G\u00e9n\u00e9ral, Transition (Sciences sociales et \u00e9ducatives-Biotech), Enseignement qualifiant (Educateur-Ecole h\u00f4teli\u00e8re)\" \/>\n<meta property=\"og:url\" content=\"https:\/\/www.sukain.be\/secondaire\/inscriptions\/\" \/>\n<meta property=\"og:site_name\" content=\"\u00c9cole secondaire de la Sainte-Union de Kain (Tournai)\" \/>\n<meta property=\"article:published_time\" content=\"2014-05-29T19:15:54+00:00\" \/>\n<meta property=\"article:modified_time\" content=\"2015-03-17T10:38:50+00:00\" \/>\n<meta name=\"author\" content=\"V. Dewasme\" \/>\n<meta name=\"twitter:label1\" content=\"\u00c9crit par\" \/>\n\t<meta name=\"twitter:data1\" content=\"V. Dewasme\" \/>\n<script type=\"application\/ld+json\" class=\"yoast-schema-graph\">{\"@context\":\"https:\/\/schema.org\",\"@graph\":[{\"@type\":\"WebPage\",\"@id\":\"https:\/\/www.sukain.be\/secondaire\/inscriptions\/\",\"url\":\"https:\/\/www.sukain.be\/secondaire\/inscriptions\/\",\"name\":\"Inscriptions - \u00c9cole secondaire de la Sainte-Union de Kain (Tournai)\",\"isPartOf\":{\"@id\":\"https:\/\/www.sukain.be\/secondaire\/#website\"},\"datePublished\":\"2014-05-29T19:15:54+00:00\",\"dateModified\":\"2015-03-17T10:38:50+00:00\",\"author\":{\"@id\":\"https:\/\/www.sukain.be\/secondaire\/#\/schema\/person\/c0f6b69a2de0f345a72471a6662bccee\"},\"description\":\"Ecole Secondaire Kain-Tournai Enseignement G\u00e9n\u00e9ral, Transition (Sciences sociales et \u00e9ducatives-Biotech), Enseignement qualifiant (Educateur-Ecole h\u00f4teli\u00e8re)\",\"breadcrumb\":{\"@id\":\"https:\/\/www.sukain.be\/secondaire\/inscriptions\/#breadcrumb\"},\"inLanguage\":\"fr-FR\",\"potentialAction\":[{\"@type\":\"ReadAction\",\"target\":[\"https:\/\/www.sukain.be\/secondaire\/inscriptions\/\"]}]},{\"@type\":\"BreadcrumbList\",\"@id\":\"https:\/\/www.sukain.be\/secondaire\/inscriptions\/#breadcrumb\",\"itemListElement\":[{\"@type\":\"ListItem\",\"position\":1,\"name\":\"Accueil\",\"item\":\"https:\/\/www.sukain.be\/secondaire\/\"},{\"@type\":\"ListItem\",\"position\":2,\"name\":\"Inscriptions\"}]},{\"@type\":\"WebSite\",\"@id\":\"https:\/\/www.sukain.be\/secondaire\/#website\",\"url\":\"https:\/\/www.sukain.be\/secondaire\/\",\"name\":\"\u00c9cole secondaire de la Sainte-Union de Kain (Tournai)\",\"description\":\"Ton avenir entre tes mains\",\"potentialAction\":[{\"@type\":\"SearchAction\",\"target\":{\"@type\":\"EntryPoint\",\"urlTemplate\":\"https:\/\/www.sukain.be\/secondaire\/?s={search_term_string}\"},\"query-input\":\"required name=search_term_string\"}],\"inLanguage\":\"fr-FR\"},{\"@type\":\"Person\",\"@id\":\"https:\/\/www.sukain.be\/secondaire\/#\/schema\/person\/c0f6b69a2de0f345a72471a6662bccee\",\"name\":\"V. Dewasme\",\"image\":{\"@type\":\"ImageObject\",\"inLanguage\":\"fr-FR\",\"@id\":\"https:\/\/www.sukain.be\/secondaire\/#\/schema\/person\/image\/\",\"url\":\"https:\/\/secure.gravatar.com\/avatar\/a12f08dda44b2e584c709e110ab06302?s=96&d=mm&r=g\",\"contentUrl\":\"https:\/\/secure.gravatar.com\/avatar\/a12f08dda44b2e584c709e110ab06302?s=96&d=mm&r=g\",\"caption\":\"V. Dewasme\"},\"url\":\"https:\/\/www.sukain.be\/secondaire\/author\/v-dewasme\/\"}]}<\/script>\n<!-- \/ Yoast SEO plugin. -->","yoast_head_json":{"title":"Inscriptions - \u00c9cole secondaire de la Sainte-Union de Kain (Tournai)","description":"Ecole Secondaire Kain-Tournai Enseignement G\u00e9n\u00e9ral, Transition (Sciences sociales et \u00e9ducatives-Biotech), Enseignement qualifiant (Educateur-Ecole h\u00f4teli\u00e8re)","robots":{"index":"index","follow":"follow","max-snippet":"max-snippet:-1","max-image-preview":"max-image-preview:large","max-video-preview":"max-video-preview:-1"},"canonical":"https:\/\/www.sukain.be\/secondaire\/inscriptions\/","og_locale":"fr_FR","og_type":"article","og_title":"Inscriptions - \u00c9cole secondaire de la Sainte-Union de Kain (Tournai)","og_description":"Ecole Secondaire Kain-Tournai Enseignement G\u00e9n\u00e9ral, Transition (Sciences sociales et \u00e9ducatives-Biotech), Enseignement qualifiant (Educateur-Ecole h\u00f4teli\u00e8re)","og_url":"https:\/\/www.sukain.be\/secondaire\/inscriptions\/","og_site_name":"\u00c9cole secondaire de la Sainte-Union de Kain (Tournai)","article_published_time":"2014-05-29T19:15:54+00:00","article_modified_time":"2015-03-17T10:38:50+00:00","author":"V. Dewasme","twitter_misc":{"\u00c9crit par":"V. Dewasme"},"schema":{"@context":"https:\/\/schema.org","@graph":[{"@type":"WebPage","@id":"https:\/\/www.sukain.be\/secondaire\/inscriptions\/","url":"https:\/\/www.sukain.be\/secondaire\/inscriptions\/","name":"Inscriptions - \u00c9cole secondaire de la Sainte-Union de Kain (Tournai)","isPartOf":{"@id":"https:\/\/www.sukain.be\/secondaire\/#website"},"datePublished":"2014-05-29T19:15:54+00:00","dateModified":"2015-03-17T10:38:50+00:00","author":{"@id":"https:\/\/www.sukain.be\/secondaire\/#\/schema\/person\/c0f6b69a2de0f345a72471a6662bccee"},"description":"Ecole Secondaire Kain-Tournai Enseignement G\u00e9n\u00e9ral, Transition (Sciences sociales et \u00e9ducatives-Biotech), Enseignement qualifiant (Educateur-Ecole h\u00f4teli\u00e8re)","breadcrumb":{"@id":"https:\/\/www.sukain.be\/secondaire\/inscriptions\/#breadcrumb"},"inLanguage":"fr-FR","potentialAction":[{"@type":"ReadAction","target":["https:\/\/www.sukain.be\/secondaire\/inscriptions\/"]}]},{"@type":"BreadcrumbList","@id":"https:\/\/www.sukain.be\/secondaire\/inscriptions\/#breadcrumb","itemListElement":[{"@type":"ListItem","position":1,"name":"Accueil","item":"https:\/\/www.sukain.be\/secondaire\/"},{"@type":"ListItem","position":2,"name":"Inscriptions"}]},{"@type":"WebSite","@id":"https:\/\/www.sukain.be\/secondaire\/#website","url":"https:\/\/www.sukain.be\/secondaire\/","name":"\u00c9cole secondaire de la Sainte-Union de Kain (Tournai)","description":"Ton avenir entre tes mains","potentialAction":[{"@type":"SearchAction","target":{"@type":"EntryPoint","urlTemplate":"https:\/\/www.sukain.be\/secondaire\/?s={search_term_string}"},"query-input":"required name=search_term_string"}],"inLanguage":"fr-FR"},{"@type":"Person","@id":"https:\/\/www.sukain.be\/secondaire\/#\/schema\/person\/c0f6b69a2de0f345a72471a6662bccee","name":"V. Dewasme","image":{"@type":"ImageObject","inLanguage":"fr-FR","@id":"https:\/\/www.sukain.be\/secondaire\/#\/schema\/person\/image\/","url":"https:\/\/secure.gravatar.com\/avatar\/a12f08dda44b2e584c709e110ab06302?s=96&d=mm&r=g","contentUrl":"https:\/\/secure.gravatar.com\/avatar\/a12f08dda44b2e584c709e110ab06302?s=96&d=mm&r=g","caption":"V. Dewasme"},"url":"https:\/\/www.sukain.be\/secondaire\/author\/v-dewasme\/"}]}},"_links":{"self":[{"href":"https:\/\/www.sukain.be\/secondaire\/wp-json\/wp\/v2\/posts\/722"}],"collection":[{"href":"https:\/\/www.sukain.be\/secondaire\/wp-json\/wp\/v2\/posts"}],"about":[{"href":"https:\/\/www.sukain.be\/secondaire\/wp-json\/wp\/v2\/types\/post"}],"author":[{"embeddable":true,"href":"https:\/\/www.sukain.be\/secondaire\/wp-json\/wp\/v2\/users\/3"}],"replies":[{"embeddable":true,"href":"https:\/\/www.sukain.be\/secondaire\/wp-json\/wp\/v2\/comments?post=722"}],"version-history":[{"count":0,"href":"https:\/\/www.sukain.be\/secondaire\/wp-json\/wp\/v2\/posts\/722\/revisions"}],"wp:attachment":[{"href":"https:\/\/www.sukain.be\/secondaire\/wp-json\/wp\/v2\/media?parent=722"}],"wp:term":[{"taxonomy":"category","embeddable":true,"href":"https:\/\/www.sukain.be\/secondaire\/wp-json\/wp\/v2\/categories?post=722"},{"taxonomy":"post_tag","embeddable":true,"href":"https:\/\/www.sukain.be\/secondaire\/wp-json\/wp\/v2\/tags?post=722"},{"taxonomy":"post_folder","embeddable":true,"href":"https:\/\/www.sukain.be\/secondaire\/wp-json\/wp\/v2\/post_folder?post=722"}],"curies":[{"name":"wp","href":"https:\/\/api.w.org\/{rel}","templated":true}]}}