{"id":5629,"date":"2020-09-21T11:23:32","date_gmt":"2020-09-21T09:23:32","guid":{"rendered":"http:\/\/www.sukain.be\/secondaire\/?p=5629"},"modified":"2021-02-02T13:00:36","modified_gmt":"2021-02-02T11:00:36","slug":"tournai-dhistoire-episode-1","status":"publish","type":"post","link":"https:\/\/www.sukain.be\/secondaire\/tournai-dhistoire-episode-1\/","title":{"rendered":"Tournai d&rsquo;histoire \u00e9pisode 1"},"content":{"rendered":"<p>Les 5\u00e8mes et 6\u00e8mes litt\u00e9raires, sous la houlette de Madame Blin, s&rsquo;int\u00e9ressent \u00e0 l&rsquo;histoire de Tournai et de ses monuments.<!--more--><\/p>\n<p>D\u00e9couvrez sans plus attendre le premier \u00e9pisode consacr\u00e9 \u00e0 la Halle aux draps en cliquant sur le lien ci-dessous!<\/p>\n<p>https:\/\/prezi.com\/view\/aVslfI6yCDJM5eCLkq6v\/<\/p>\n","protected":false},"excerpt":{"rendered":"<p>Les 5\u00e8mes et 6\u00e8mes litt\u00e9raires, sous la houlette de Madame Blin, s&rsquo;int\u00e9ressent \u00e0 l&rsquo;histoire de Tournai et de ses monuments.<\/p>\n","protected":false},"author":90,"featured_media":5630,"comment_status":"closed","ping_status":"open","sticky":false,"template":"","format":"standard","meta":{"footnotes":""},"categories":[1],"tags":[],"post_folder":[],"yoast_head":"<!-- This site is optimized with the Yoast SEO plugin v20.0 - https:\/\/yoast.com\/wordpress\/plugins\/seo\/ -->\n<title>Tournai d&#039;histoire \u00e9pisode 1 - \u00c9cole secondaire de la Sainte-Union de Kain (Tournai)<\/title>\n<meta name=\"description\" content=\"Ecole Secondaire Kain-Tournai Enseignement G\u00e9n\u00e9ral, Transition (Sciences sociales et \u00e9ducatives-Biotech), Enseignement qualifiant (Educateur-Ecole h\u00f4teli\u00e8re)\" \/>\n<meta name=\"robots\" content=\"index, follow, max-snippet:-1, max-image-preview:large, max-video-preview:-1\" \/>\n<link rel=\"canonical\" href=\"https:\/\/www.sukain.be\/secondaire\/tournai-dhistoire-episode-1\/\" \/>\n<meta property=\"og:locale\" content=\"fr_FR\" \/>\n<meta property=\"og:type\" content=\"article\" \/>\n<meta property=\"og:title\" content=\"Tournai d&#039;histoire \u00e9pisode 1 - \u00c9cole secondaire de la Sainte-Union de Kain (Tournai)\" \/>\n<meta property=\"og:description\" content=\"Ecole Secondaire Kain-Tournai Enseignement G\u00e9n\u00e9ral, Transition (Sciences sociales et \u00e9ducatives-Biotech), Enseignement qualifiant (Educateur-Ecole h\u00f4teli\u00e8re)\" \/>\n<meta property=\"og:url\" content=\"https:\/\/www.sukain.be\/secondaire\/tournai-dhistoire-episode-1\/\" \/>\n<meta property=\"og:site_name\" content=\"\u00c9cole secondaire de la Sainte-Union de Kain (Tournai)\" \/>\n<meta property=\"article:published_time\" content=\"2020-09-21T09:23:32+00:00\" \/>\n<meta property=\"article:modified_time\" content=\"2021-02-02T11:00:36+00:00\" \/>\n<meta property=\"og:image\" content=\"https:\/\/www.sukain.be\/secondaire\/wp-content\/uploads\/2020\/09\/1200px-Blason_de_Tournai.svg.png\" \/>\n\t<meta property=\"og:image:width\" content=\"1200\" \/>\n\t<meta property=\"og:image:height\" content=\"1320\" \/>\n\t<meta property=\"og:image:type\" content=\"image\/png\" \/>\n<meta name=\"author\" content=\"Helene Pochart\" \/>\n<meta name=\"twitter:label1\" content=\"\u00c9crit par\" \/>\n\t<meta name=\"twitter:data1\" content=\"Helene Pochart\" \/>\n<script type=\"application\/ld+json\" class=\"yoast-schema-graph\">{\"@context\":\"https:\/\/schema.org\",\"@graph\":[{\"@type\":\"WebPage\",\"@id\":\"https:\/\/www.sukain.be\/secondaire\/tournai-dhistoire-episode-1\/\",\"url\":\"https:\/\/www.sukain.be\/secondaire\/tournai-dhistoire-episode-1\/\",\"name\":\"Tournai d'histoire \u00e9pisode 1 - \u00c9cole secondaire de la Sainte-Union de Kain (Tournai)\",\"isPartOf\":{\"@id\":\"https:\/\/www.sukain.be\/secondaire\/#website\"},\"datePublished\":\"2020-09-21T09:23:32+00:00\",\"dateModified\":\"2021-02-02T11:00:36+00:00\",\"author\":{\"@id\":\"https:\/\/www.sukain.be\/secondaire\/#\/schema\/person\/ed45cc8f719c07a18018afe2adaba548\"},\"description\":\"Ecole Secondaire Kain-Tournai Enseignement G\u00e9n\u00e9ral, Transition (Sciences sociales et \u00e9ducatives-Biotech), Enseignement qualifiant (Educateur-Ecole h\u00f4teli\u00e8re)\",\"breadcrumb\":{\"@id\":\"https:\/\/www.sukain.be\/secondaire\/tournai-dhistoire-episode-1\/#breadcrumb\"},\"inLanguage\":\"fr-FR\",\"potentialAction\":[{\"@type\":\"ReadAction\",\"target\":[\"https:\/\/www.sukain.be\/secondaire\/tournai-dhistoire-episode-1\/\"]}]},{\"@type\":\"BreadcrumbList\",\"@id\":\"https:\/\/www.sukain.be\/secondaire\/tournai-dhistoire-episode-1\/#breadcrumb\",\"itemListElement\":[{\"@type\":\"ListItem\",\"position\":1,\"name\":\"Accueil\",\"item\":\"https:\/\/www.sukain.be\/secondaire\/\"},{\"@type\":\"ListItem\",\"position\":2,\"name\":\"Tournai d&rsquo;histoire \u00e9pisode 1\"}]},{\"@type\":\"WebSite\",\"@id\":\"https:\/\/www.sukain.be\/secondaire\/#website\",\"url\":\"https:\/\/www.sukain.be\/secondaire\/\",\"name\":\"\u00c9cole secondaire de la Sainte-Union de Kain (Tournai)\",\"description\":\"Ton avenir entre tes mains\",\"potentialAction\":[{\"@type\":\"SearchAction\",\"target\":{\"@type\":\"EntryPoint\",\"urlTemplate\":\"https:\/\/www.sukain.be\/secondaire\/?s={search_term_string}\"},\"query-input\":\"required name=search_term_string\"}],\"inLanguage\":\"fr-FR\"},{\"@type\":\"Person\",\"@id\":\"https:\/\/www.sukain.be\/secondaire\/#\/schema\/person\/ed45cc8f719c07a18018afe2adaba548\",\"name\":\"Helene Pochart\",\"image\":{\"@type\":\"ImageObject\",\"inLanguage\":\"fr-FR\",\"@id\":\"https:\/\/www.sukain.be\/secondaire\/#\/schema\/person\/image\/\",\"url\":\"https:\/\/secure.gravatar.com\/avatar\/45823cf116af4cc4ff694877abffc363?s=96&d=mm&r=g\",\"contentUrl\":\"https:\/\/secure.gravatar.com\/avatar\/45823cf116af4cc4ff694877abffc363?s=96&d=mm&r=g\",\"caption\":\"Helene Pochart\"},\"url\":\"https:\/\/www.sukain.be\/secondaire\/author\/helene-pochart\/\"}]}<\/script>\n<!-- \/ Yoast SEO plugin. -->","yoast_head_json":{"title":"Tournai d'histoire \u00e9pisode 1 - \u00c9cole secondaire de la Sainte-Union de Kain (Tournai)","description":"Ecole Secondaire Kain-Tournai Enseignement G\u00e9n\u00e9ral, Transition (Sciences sociales et \u00e9ducatives-Biotech), Enseignement qualifiant (Educateur-Ecole h\u00f4teli\u00e8re)","robots":{"index":"index","follow":"follow","max-snippet":"max-snippet:-1","max-image-preview":"max-image-preview:large","max-video-preview":"max-video-preview:-1"},"canonical":"https:\/\/www.sukain.be\/secondaire\/tournai-dhistoire-episode-1\/","og_locale":"fr_FR","og_type":"article","og_title":"Tournai d'histoire \u00e9pisode 1 - \u00c9cole secondaire de la Sainte-Union de Kain (Tournai)","og_description":"Ecole Secondaire Kain-Tournai Enseignement G\u00e9n\u00e9ral, Transition (Sciences sociales et \u00e9ducatives-Biotech), Enseignement qualifiant (Educateur-Ecole h\u00f4teli\u00e8re)","og_url":"https:\/\/www.sukain.be\/secondaire\/tournai-dhistoire-episode-1\/","og_site_name":"\u00c9cole secondaire de la Sainte-Union de Kain (Tournai)","article_published_time":"2020-09-21T09:23:32+00:00","article_modified_time":"2021-02-02T11:00:36+00:00","og_image":[{"width":1200,"height":1320,"url":"https:\/\/www.sukain.be\/secondaire\/wp-content\/uploads\/2020\/09\/1200px-Blason_de_Tournai.svg.png","type":"image\/png"}],"author":"Helene Pochart","twitter_misc":{"\u00c9crit par":"Helene Pochart"},"schema":{"@context":"https:\/\/schema.org","@graph":[{"@type":"WebPage","@id":"https:\/\/www.sukain.be\/secondaire\/tournai-dhistoire-episode-1\/","url":"https:\/\/www.sukain.be\/secondaire\/tournai-dhistoire-episode-1\/","name":"Tournai d'histoire \u00e9pisode 1 - \u00c9cole secondaire de la Sainte-Union de Kain (Tournai)","isPartOf":{"@id":"https:\/\/www.sukain.be\/secondaire\/#website"},"datePublished":"2020-09-21T09:23:32+00:00","dateModified":"2021-02-02T11:00:36+00:00","author":{"@id":"https:\/\/www.sukain.be\/secondaire\/#\/schema\/person\/ed45cc8f719c07a18018afe2adaba548"},"description":"Ecole Secondaire Kain-Tournai Enseignement G\u00e9n\u00e9ral, Transition (Sciences sociales et \u00e9ducatives-Biotech), Enseignement qualifiant (Educateur-Ecole h\u00f4teli\u00e8re)","breadcrumb":{"@id":"https:\/\/www.sukain.be\/secondaire\/tournai-dhistoire-episode-1\/#breadcrumb"},"inLanguage":"fr-FR","potentialAction":[{"@type":"ReadAction","target":["https:\/\/www.sukain.be\/secondaire\/tournai-dhistoire-episode-1\/"]}]},{"@type":"BreadcrumbList","@id":"https:\/\/www.sukain.be\/secondaire\/tournai-dhistoire-episode-1\/#breadcrumb","itemListElement":[{"@type":"ListItem","position":1,"name":"Accueil","item":"https:\/\/www.sukain.be\/secondaire\/"},{"@type":"ListItem","position":2,"name":"Tournai d&rsquo;histoire \u00e9pisode 1"}]},{"@type":"WebSite","@id":"https:\/\/www.sukain.be\/secondaire\/#website","url":"https:\/\/www.sukain.be\/secondaire\/","name":"\u00c9cole secondaire de la Sainte-Union de Kain (Tournai)","description":"Ton avenir entre tes mains","potentialAction":[{"@type":"SearchAction","target":{"@type":"EntryPoint","urlTemplate":"https:\/\/www.sukain.be\/secondaire\/?s={search_term_string}"},"query-input":"required name=search_term_string"}],"inLanguage":"fr-FR"},{"@type":"Person","@id":"https:\/\/www.sukain.be\/secondaire\/#\/schema\/person\/ed45cc8f719c07a18018afe2adaba548","name":"Helene Pochart","image":{"@type":"ImageObject","inLanguage":"fr-FR","@id":"https:\/\/www.sukain.be\/secondaire\/#\/schema\/person\/image\/","url":"https:\/\/secure.gravatar.com\/avatar\/45823cf116af4cc4ff694877abffc363?s=96&d=mm&r=g","contentUrl":"https:\/\/secure.gravatar.com\/avatar\/45823cf116af4cc4ff694877abffc363?s=96&d=mm&r=g","caption":"Helene Pochart"},"url":"https:\/\/www.sukain.be\/secondaire\/author\/helene-pochart\/"}]}},"_links":{"self":[{"href":"https:\/\/www.sukain.be\/secondaire\/wp-json\/wp\/v2\/posts\/5629"}],"collection":[{"href":"https:\/\/www.sukain.be\/secondaire\/wp-json\/wp\/v2\/posts"}],"about":[{"href":"https:\/\/www.sukain.be\/secondaire\/wp-json\/wp\/v2\/types\/post"}],"author":[{"embeddable":true,"href":"https:\/\/www.sukain.be\/secondaire\/wp-json\/wp\/v2\/users\/90"}],"replies":[{"embeddable":true,"href":"https:\/\/www.sukain.be\/secondaire\/wp-json\/wp\/v2\/comments?post=5629"}],"version-history":[{"count":0,"href":"https:\/\/www.sukain.be\/secondaire\/wp-json\/wp\/v2\/posts\/5629\/revisions"}],"wp:featuredmedia":[{"embeddable":true,"href":"https:\/\/www.sukain.be\/secondaire\/wp-json\/wp\/v2\/media\/5630"}],"wp:attachment":[{"href":"https:\/\/www.sukain.be\/secondaire\/wp-json\/wp\/v2\/media?parent=5629"}],"wp:term":[{"taxonomy":"category","embeddable":true,"href":"https:\/\/www.sukain.be\/secondaire\/wp-json\/wp\/v2\/categories?post=5629"},{"taxonomy":"post_tag","embeddable":true,"href":"https:\/\/www.sukain.be\/secondaire\/wp-json\/wp\/v2\/tags?post=5629"},{"taxonomy":"post_folder","embeddable":true,"href":"https:\/\/www.sukain.be\/secondaire\/wp-json\/wp\/v2\/post_folder?post=5629"}],"curies":[{"name":"wp","href":"https:\/\/api.w.org\/{rel}","templated":true}]}}