{"id":5609,"date":"2020-09-08T20:10:53","date_gmt":"2020-09-08T18:10:53","guid":{"rendered":"http:\/\/www.sukain.be\/secondaire\/?p=5609"},"modified":"2021-02-02T13:01:09","modified_gmt":"2021-02-02T11:01:09","slug":"reouverture-de-notre-restaurant-du-pied-du-mont-ce-mardi-midi-avec-le-menu-des-plaines-de-lescaut-menu-realise-avec-des-marchandises-locales-legumes-de-chez-flo-maraichage-a-gaurain-biere-de-la-b","status":"publish","type":"post","link":"https:\/\/www.sukain.be\/secondaire\/reouverture-de-notre-restaurant-du-pied-du-mont-ce-mardi-midi-avec-le-menu-des-plaines-de-lescaut-menu-realise-avec-des-marchandises-locales-legumes-de-chez-flo-maraichage-a-gaurain-biere-de-la-b\/","title":{"rendered":"Ce 8 septembre, c&rsquo;\u00e9tait la r\u00e9ouverture tant attendue de notre restaurant du Pied du Mont!"},"content":{"rendered":"<p>Ce mardi 8 septembre, nous avons r\u00e9ouvert \u00ab\u00a0Le Pied du Mont\u00a0\u00bb en grande pompe avec le menu des Plaines de L&rsquo;Escaut!<!--more--><\/p>\n<p>Celui ci a \u00e9t\u00e9 r\u00e9alis\u00e9 enti\u00e8rement avec des marchandises locales: l\u00e9gumes de chez Flo mara\u00eechage \u00e0 Gaurain, bi\u00e8re de la Brasserie Caulier \u00e0 P\u00e9ruwelz, canard et foie gras de chez Louis Legrand \u00e0 Templeuve, boeuf de la ferme Fauvarque \u00e0 Lamain, fromage et produits laitiers de la ferme Amorison \u00e0 Bas\u00e8cles et ap\u00e9ritif de chez Gervin \u00e0 Pipaix.<\/p>\n<p>Voici quelques photos des plats r\u00e9alis\u00e9s par les \u00e9l\u00e8ves de 6\u00e8me H\u00f4tellerie sous la direction du Chef Ostojski. F\u00e9licitations \u00e0 tous !<\/p>\n<p>S vous d\u00e9sirez plus d&rsquo;informations sur les menus, n&rsquo;h\u00e9sitez pas \u00e0 consulter le reste de notre site ou \u00e0 nous contacter via le 069\/890389!<\/p>\n\n\n<figure class=\"wp-block-image\"><img loading=\"lazy\" decoding=\"async\" width=\"1024\" height=\"576\" src=\"https:\/\/www.sukain.be\/secondaire\/wp-content\/uploads\/2020\/09\/20200908_123306-1024x576.jpg\" alt=\"\" class=\"wp-image-5610\" srcset=\"https:\/\/www.sukain.be\/secondaire\/wp-content\/uploads\/2020\/09\/20200908_123306-1024x576.jpg 1024w, https:\/\/www.sukain.be\/secondaire\/wp-content\/uploads\/2020\/09\/20200908_123306-300x169.jpg 300w, https:\/\/www.sukain.be\/secondaire\/wp-content\/uploads\/2020\/09\/20200908_123306-768x432.jpg 768w, https:\/\/www.sukain.be\/secondaire\/wp-content\/uploads\/2020\/09\/20200908_123306-180x101.jpg 180w, https:\/\/www.sukain.be\/secondaire\/wp-content\/uploads\/2020\/09\/20200908_123306-107x60.jpg 107w\" sizes=\"(max-width: 1024px) 100vw, 1024px\" \/><\/figure>\n\n\n\n<figure class=\"wp-block-image\"><img loading=\"lazy\" decoding=\"async\" width=\"1024\" height=\"576\" src=\"https:\/\/www.sukain.be\/secondaire\/wp-content\/uploads\/2020\/09\/20200908_125431-1024x576.jpg\" alt=\"\" class=\"wp-image-5611\" srcset=\"https:\/\/www.sukain.be\/secondaire\/wp-content\/uploads\/2020\/09\/20200908_125431-1024x576.jpg 1024w, https:\/\/www.sukain.be\/secondaire\/wp-content\/uploads\/2020\/09\/20200908_125431-300x169.jpg 300w, https:\/\/www.sukain.be\/secondaire\/wp-content\/uploads\/2020\/09\/20200908_125431-768x432.jpg 768w, https:\/\/www.sukain.be\/secondaire\/wp-content\/uploads\/2020\/09\/20200908_125431-180x101.jpg 180w, https:\/\/www.sukain.be\/secondaire\/wp-content\/uploads\/2020\/09\/20200908_125431-107x60.jpg 107w\" sizes=\"(max-width: 1024px) 100vw, 1024px\" \/><\/figure>\n\n\n\n<div class=\"wp-block-media-text alignwide\" style=\"grid-template-columns:77% auto\"><figure class=\"wp-block-media-text__media\"><img loading=\"lazy\" decoding=\"async\" width=\"1024\" height=\"576\" src=\"https:\/\/www.sukain.be\/secondaire\/wp-content\/uploads\/2020\/09\/20200908_130925-1024x576.jpg\" alt=\"\" class=\"wp-image-5613\" srcset=\"https:\/\/www.sukain.be\/secondaire\/wp-content\/uploads\/2020\/09\/20200908_130925-1024x576.jpg 1024w, https:\/\/www.sukain.be\/secondaire\/wp-content\/uploads\/2020\/09\/20200908_130925-300x169.jpg 300w, https:\/\/www.sukain.be\/secondaire\/wp-content\/uploads\/2020\/09\/20200908_130925-768x432.jpg 768w, https:\/\/www.sukain.be\/secondaire\/wp-content\/uploads\/2020\/09\/20200908_130925-180x101.jpg 180w, https:\/\/www.sukain.be\/secondaire\/wp-content\/uploads\/2020\/09\/20200908_130925-107x60.jpg 107w\" sizes=\"(max-width: 1024px) 100vw, 1024px\" \/><\/figure><div class=\"wp-block-media-text__content\">\n<p class=\"has-large-font-size\"><\/p>\n<\/div><\/div>\n\n\n\n<div class=\"wp-block-media-text alignwide\" style=\"grid-template-columns:76% auto\"><figure class=\"wp-block-media-text__media\"><img loading=\"lazy\" decoding=\"async\" width=\"1024\" height=\"576\" src=\"https:\/\/www.sukain.be\/secondaire\/wp-content\/uploads\/2020\/09\/20200908_133914-1024x576.jpg\" alt=\"\" class=\"wp-image-5614\" srcset=\"https:\/\/www.sukain.be\/secondaire\/wp-content\/uploads\/2020\/09\/20200908_133914-1024x576.jpg 1024w, https:\/\/www.sukain.be\/secondaire\/wp-content\/uploads\/2020\/09\/20200908_133914-300x169.jpg 300w, https:\/\/www.sukain.be\/secondaire\/wp-content\/uploads\/2020\/09\/20200908_133914-768x432.jpg 768w, https:\/\/www.sukain.be\/secondaire\/wp-content\/uploads\/2020\/09\/20200908_133914-180x101.jpg 180w, https:\/\/www.sukain.be\/secondaire\/wp-content\/uploads\/2020\/09\/20200908_133914-107x60.jpg 107w\" sizes=\"(max-width: 1024px) 100vw, 1024px\" \/><\/figure><div class=\"wp-block-media-text__content\">\n<p class=\"has-large-font-size\"><\/p>\n<\/div><\/div>\n\n\n\n<figure class=\"wp-block-image\"><img loading=\"lazy\" decoding=\"async\" width=\"1024\" height=\"576\" src=\"https:\/\/www.sukain.be\/secondaire\/wp-content\/uploads\/2020\/09\/20200908_130911-1024x576.jpg\" alt=\"\" class=\"wp-image-5612\" srcset=\"https:\/\/www.sukain.be\/secondaire\/wp-content\/uploads\/2020\/09\/20200908_130911-1024x576.jpg 1024w, https:\/\/www.sukain.be\/secondaire\/wp-content\/uploads\/2020\/09\/20200908_130911-300x169.jpg 300w, https:\/\/www.sukain.be\/secondaire\/wp-content\/uploads\/2020\/09\/20200908_130911-768x432.jpg 768w, https:\/\/www.sukain.be\/secondaire\/wp-content\/uploads\/2020\/09\/20200908_130911-180x101.jpg 180w, https:\/\/www.sukain.be\/secondaire\/wp-content\/uploads\/2020\/09\/20200908_130911-107x60.jpg 107w\" sizes=\"(max-width: 1024px) 100vw, 1024px\" \/><\/figure>\n","protected":false},"excerpt":{"rendered":"<p>Ce mardi 8 septembre, nous avons r\u00e9ouvert \u00ab\u00a0Le Pied du Mont\u00a0\u00bb en grande pompe avec le menu des Plaines de L&rsquo;Escaut!<\/p>\n","protected":false},"author":90,"featured_media":5612,"comment_status":"closed","ping_status":"open","sticky":false,"template":"","format":"standard","meta":{"footnotes":""},"categories":[1],"tags":[],"post_folder":[],"yoast_head":"<!-- This site is optimized with the Yoast SEO plugin v20.0 - https:\/\/yoast.com\/wordpress\/plugins\/seo\/ -->\n<title>Ce 8 septembre, c&#039;\u00e9tait la r\u00e9ouverture tant attendue de notre restaurant du Pied du Mont! - \u00c9cole secondaire de la Sainte-Union de Kain (Tournai)<\/title>\n<meta name=\"description\" content=\"Ecole Secondaire Kain-Tournai Enseignement G\u00e9n\u00e9ral, Transition (Sciences sociales et \u00e9ducatives-Biotech), Enseignement qualifiant (Educateur-Ecole h\u00f4teli\u00e8re)\" \/>\n<meta name=\"robots\" content=\"index, follow, max-snippet:-1, max-image-preview:large, max-video-preview:-1\" \/>\n<link rel=\"canonical\" href=\"https:\/\/www.sukain.be\/secondaire\/reouverture-de-notre-restaurant-du-pied-du-mont-ce-mardi-midi-avec-le-menu-des-plaines-de-lescaut-menu-realise-avec-des-marchandises-locales-legumes-de-chez-flo-maraichage-a-gaurain-biere-de-la-b\/\" \/>\n<meta property=\"og:locale\" content=\"fr_FR\" \/>\n<meta property=\"og:type\" content=\"article\" \/>\n<meta property=\"og:title\" content=\"Ce 8 septembre, c&#039;\u00e9tait la r\u00e9ouverture tant attendue de notre restaurant du Pied du Mont! - \u00c9cole secondaire de la Sainte-Union de Kain (Tournai)\" \/>\n<meta property=\"og:description\" content=\"Ecole Secondaire Kain-Tournai Enseignement G\u00e9n\u00e9ral, Transition (Sciences sociales et \u00e9ducatives-Biotech), Enseignement qualifiant (Educateur-Ecole h\u00f4teli\u00e8re)\" \/>\n<meta property=\"og:url\" content=\"https:\/\/www.sukain.be\/secondaire\/reouverture-de-notre-restaurant-du-pied-du-mont-ce-mardi-midi-avec-le-menu-des-plaines-de-lescaut-menu-realise-avec-des-marchandises-locales-legumes-de-chez-flo-maraichage-a-gaurain-biere-de-la-b\/\" \/>\n<meta property=\"og:site_name\" content=\"\u00c9cole secondaire de la Sainte-Union de Kain (Tournai)\" \/>\n<meta property=\"article:published_time\" content=\"2020-09-08T18:10:53+00:00\" \/>\n<meta property=\"article:modified_time\" content=\"2021-02-02T11:01:09+00:00\" \/>\n<meta property=\"og:image\" content=\"https:\/\/www.sukain.be\/secondaire\/wp-content\/uploads\/2020\/09\/20200908_130911-1024x576.jpg\" \/>\n\t<meta property=\"og:image:width\" content=\"1024\" \/>\n\t<meta property=\"og:image:height\" content=\"576\" \/>\n\t<meta property=\"og:image:type\" content=\"image\/jpeg\" \/>\n<meta name=\"author\" content=\"Helene Pochart\" \/>\n<meta name=\"twitter:label1\" content=\"\u00c9crit par\" \/>\n\t<meta name=\"twitter:data1\" content=\"Helene Pochart\" \/>\n\t<meta name=\"twitter:label2\" content=\"Dur\u00e9e de lecture estim\u00e9e\" \/>\n\t<meta name=\"twitter:data2\" content=\"1 minute\" \/>\n<script type=\"application\/ld+json\" class=\"yoast-schema-graph\">{\"@context\":\"https:\/\/schema.org\",\"@graph\":[{\"@type\":\"WebPage\",\"@id\":\"https:\/\/www.sukain.be\/secondaire\/reouverture-de-notre-restaurant-du-pied-du-mont-ce-mardi-midi-avec-le-menu-des-plaines-de-lescaut-menu-realise-avec-des-marchandises-locales-legumes-de-chez-flo-maraichage-a-gaurain-biere-de-la-b\/\",\"url\":\"https:\/\/www.sukain.be\/secondaire\/reouverture-de-notre-restaurant-du-pied-du-mont-ce-mardi-midi-avec-le-menu-des-plaines-de-lescaut-menu-realise-avec-des-marchandises-locales-legumes-de-chez-flo-maraichage-a-gaurain-biere-de-la-b\/\",\"name\":\"Ce 8 septembre, c'\u00e9tait la r\u00e9ouverture tant attendue de notre restaurant du Pied du Mont! - \u00c9cole secondaire de la Sainte-Union de Kain (Tournai)\",\"isPartOf\":{\"@id\":\"https:\/\/www.sukain.be\/secondaire\/#website\"},\"datePublished\":\"2020-09-08T18:10:53+00:00\",\"dateModified\":\"2021-02-02T11:01:09+00:00\",\"author\":{\"@id\":\"https:\/\/www.sukain.be\/secondaire\/#\/schema\/person\/ed45cc8f719c07a18018afe2adaba548\"},\"description\":\"Ecole Secondaire Kain-Tournai Enseignement G\u00e9n\u00e9ral, Transition (Sciences sociales et \u00e9ducatives-Biotech), Enseignement qualifiant (Educateur-Ecole h\u00f4teli\u00e8re)\",\"breadcrumb\":{\"@id\":\"https:\/\/www.sukain.be\/secondaire\/reouverture-de-notre-restaurant-du-pied-du-mont-ce-mardi-midi-avec-le-menu-des-plaines-de-lescaut-menu-realise-avec-des-marchandises-locales-legumes-de-chez-flo-maraichage-a-gaurain-biere-de-la-b\/#breadcrumb\"},\"inLanguage\":\"fr-FR\",\"potentialAction\":[{\"@type\":\"ReadAction\",\"target\":[\"https:\/\/www.sukain.be\/secondaire\/reouverture-de-notre-restaurant-du-pied-du-mont-ce-mardi-midi-avec-le-menu-des-plaines-de-lescaut-menu-realise-avec-des-marchandises-locales-legumes-de-chez-flo-maraichage-a-gaurain-biere-de-la-b\/\"]}]},{\"@type\":\"BreadcrumbList\",\"@id\":\"https:\/\/www.sukain.be\/secondaire\/reouverture-de-notre-restaurant-du-pied-du-mont-ce-mardi-midi-avec-le-menu-des-plaines-de-lescaut-menu-realise-avec-des-marchandises-locales-legumes-de-chez-flo-maraichage-a-gaurain-biere-de-la-b\/#breadcrumb\",\"itemListElement\":[{\"@type\":\"ListItem\",\"position\":1,\"name\":\"Accueil\",\"item\":\"https:\/\/www.sukain.be\/secondaire\/\"},{\"@type\":\"ListItem\",\"position\":2,\"name\":\"Ce 8 septembre, c&rsquo;\u00e9tait la r\u00e9ouverture tant attendue de notre restaurant du Pied du Mont!\"}]},{\"@type\":\"WebSite\",\"@id\":\"https:\/\/www.sukain.be\/secondaire\/#website\",\"url\":\"https:\/\/www.sukain.be\/secondaire\/\",\"name\":\"\u00c9cole secondaire de la Sainte-Union de Kain (Tournai)\",\"description\":\"Ton avenir entre tes mains\",\"potentialAction\":[{\"@type\":\"SearchAction\",\"target\":{\"@type\":\"EntryPoint\",\"urlTemplate\":\"https:\/\/www.sukain.be\/secondaire\/?s={search_term_string}\"},\"query-input\":\"required name=search_term_string\"}],\"inLanguage\":\"fr-FR\"},{\"@type\":\"Person\",\"@id\":\"https:\/\/www.sukain.be\/secondaire\/#\/schema\/person\/ed45cc8f719c07a18018afe2adaba548\",\"name\":\"Helene Pochart\",\"image\":{\"@type\":\"ImageObject\",\"inLanguage\":\"fr-FR\",\"@id\":\"https:\/\/www.sukain.be\/secondaire\/#\/schema\/person\/image\/\",\"url\":\"https:\/\/secure.gravatar.com\/avatar\/45823cf116af4cc4ff694877abffc363?s=96&d=mm&r=g\",\"contentUrl\":\"https:\/\/secure.gravatar.com\/avatar\/45823cf116af4cc4ff694877abffc363?s=96&d=mm&r=g\",\"caption\":\"Helene Pochart\"},\"url\":\"https:\/\/www.sukain.be\/secondaire\/author\/helene-pochart\/\"}]}<\/script>\n<!-- \/ Yoast SEO plugin. -->","yoast_head_json":{"title":"Ce 8 septembre, c'\u00e9tait la r\u00e9ouverture tant attendue de notre restaurant du Pied du Mont! - \u00c9cole secondaire de la Sainte-Union de Kain (Tournai)","description":"Ecole Secondaire Kain-Tournai Enseignement G\u00e9n\u00e9ral, Transition (Sciences sociales et \u00e9ducatives-Biotech), Enseignement qualifiant (Educateur-Ecole h\u00f4teli\u00e8re)","robots":{"index":"index","follow":"follow","max-snippet":"max-snippet:-1","max-image-preview":"max-image-preview:large","max-video-preview":"max-video-preview:-1"},"canonical":"https:\/\/www.sukain.be\/secondaire\/reouverture-de-notre-restaurant-du-pied-du-mont-ce-mardi-midi-avec-le-menu-des-plaines-de-lescaut-menu-realise-avec-des-marchandises-locales-legumes-de-chez-flo-maraichage-a-gaurain-biere-de-la-b\/","og_locale":"fr_FR","og_type":"article","og_title":"Ce 8 septembre, c'\u00e9tait la r\u00e9ouverture tant attendue de notre restaurant du Pied du Mont! - \u00c9cole secondaire de la Sainte-Union de Kain (Tournai)","og_description":"Ecole Secondaire Kain-Tournai Enseignement G\u00e9n\u00e9ral, Transition (Sciences sociales et \u00e9ducatives-Biotech), Enseignement qualifiant (Educateur-Ecole h\u00f4teli\u00e8re)","og_url":"https:\/\/www.sukain.be\/secondaire\/reouverture-de-notre-restaurant-du-pied-du-mont-ce-mardi-midi-avec-le-menu-des-plaines-de-lescaut-menu-realise-avec-des-marchandises-locales-legumes-de-chez-flo-maraichage-a-gaurain-biere-de-la-b\/","og_site_name":"\u00c9cole secondaire de la Sainte-Union de Kain (Tournai)","article_published_time":"2020-09-08T18:10:53+00:00","article_modified_time":"2021-02-02T11:01:09+00:00","og_image":[{"width":1024,"height":576,"url":"https:\/\/www.sukain.be\/secondaire\/wp-content\/uploads\/2020\/09\/20200908_130911-1024x576.jpg","type":"image\/jpeg"}],"author":"Helene Pochart","twitter_misc":{"\u00c9crit par":"Helene Pochart","Dur\u00e9e de lecture estim\u00e9e":"1 minute"},"schema":{"@context":"https:\/\/schema.org","@graph":[{"@type":"WebPage","@id":"https:\/\/www.sukain.be\/secondaire\/reouverture-de-notre-restaurant-du-pied-du-mont-ce-mardi-midi-avec-le-menu-des-plaines-de-lescaut-menu-realise-avec-des-marchandises-locales-legumes-de-chez-flo-maraichage-a-gaurain-biere-de-la-b\/","url":"https:\/\/www.sukain.be\/secondaire\/reouverture-de-notre-restaurant-du-pied-du-mont-ce-mardi-midi-avec-le-menu-des-plaines-de-lescaut-menu-realise-avec-des-marchandises-locales-legumes-de-chez-flo-maraichage-a-gaurain-biere-de-la-b\/","name":"Ce 8 septembre, c'\u00e9tait la r\u00e9ouverture tant attendue de notre restaurant du Pied du Mont! - \u00c9cole secondaire de la Sainte-Union de Kain (Tournai)","isPartOf":{"@id":"https:\/\/www.sukain.be\/secondaire\/#website"},"datePublished":"2020-09-08T18:10:53+00:00","dateModified":"2021-02-02T11:01:09+00:00","author":{"@id":"https:\/\/www.sukain.be\/secondaire\/#\/schema\/person\/ed45cc8f719c07a18018afe2adaba548"},"description":"Ecole Secondaire Kain-Tournai Enseignement G\u00e9n\u00e9ral, Transition (Sciences sociales et \u00e9ducatives-Biotech), Enseignement qualifiant (Educateur-Ecole h\u00f4teli\u00e8re)","breadcrumb":{"@id":"https:\/\/www.sukain.be\/secondaire\/reouverture-de-notre-restaurant-du-pied-du-mont-ce-mardi-midi-avec-le-menu-des-plaines-de-lescaut-menu-realise-avec-des-marchandises-locales-legumes-de-chez-flo-maraichage-a-gaurain-biere-de-la-b\/#breadcrumb"},"inLanguage":"fr-FR","potentialAction":[{"@type":"ReadAction","target":["https:\/\/www.sukain.be\/secondaire\/reouverture-de-notre-restaurant-du-pied-du-mont-ce-mardi-midi-avec-le-menu-des-plaines-de-lescaut-menu-realise-avec-des-marchandises-locales-legumes-de-chez-flo-maraichage-a-gaurain-biere-de-la-b\/"]}]},{"@type":"BreadcrumbList","@id":"https:\/\/www.sukain.be\/secondaire\/reouverture-de-notre-restaurant-du-pied-du-mont-ce-mardi-midi-avec-le-menu-des-plaines-de-lescaut-menu-realise-avec-des-marchandises-locales-legumes-de-chez-flo-maraichage-a-gaurain-biere-de-la-b\/#breadcrumb","itemListElement":[{"@type":"ListItem","position":1,"name":"Accueil","item":"https:\/\/www.sukain.be\/secondaire\/"},{"@type":"ListItem","position":2,"name":"Ce 8 septembre, c&rsquo;\u00e9tait la r\u00e9ouverture tant attendue de notre restaurant du Pied du Mont!"}]},{"@type":"WebSite","@id":"https:\/\/www.sukain.be\/secondaire\/#website","url":"https:\/\/www.sukain.be\/secondaire\/","name":"\u00c9cole secondaire de la Sainte-Union de Kain (Tournai)","description":"Ton avenir entre tes mains","potentialAction":[{"@type":"SearchAction","target":{"@type":"EntryPoint","urlTemplate":"https:\/\/www.sukain.be\/secondaire\/?s={search_term_string}"},"query-input":"required name=search_term_string"}],"inLanguage":"fr-FR"},{"@type":"Person","@id":"https:\/\/www.sukain.be\/secondaire\/#\/schema\/person\/ed45cc8f719c07a18018afe2adaba548","name":"Helene Pochart","image":{"@type":"ImageObject","inLanguage":"fr-FR","@id":"https:\/\/www.sukain.be\/secondaire\/#\/schema\/person\/image\/","url":"https:\/\/secure.gravatar.com\/avatar\/45823cf116af4cc4ff694877abffc363?s=96&d=mm&r=g","contentUrl":"https:\/\/secure.gravatar.com\/avatar\/45823cf116af4cc4ff694877abffc363?s=96&d=mm&r=g","caption":"Helene Pochart"},"url":"https:\/\/www.sukain.be\/secondaire\/author\/helene-pochart\/"}]}},"_links":{"self":[{"href":"https:\/\/www.sukain.be\/secondaire\/wp-json\/wp\/v2\/posts\/5609"}],"collection":[{"href":"https:\/\/www.sukain.be\/secondaire\/wp-json\/wp\/v2\/posts"}],"about":[{"href":"https:\/\/www.sukain.be\/secondaire\/wp-json\/wp\/v2\/types\/post"}],"author":[{"embeddable":true,"href":"https:\/\/www.sukain.be\/secondaire\/wp-json\/wp\/v2\/users\/90"}],"replies":[{"embeddable":true,"href":"https:\/\/www.sukain.be\/secondaire\/wp-json\/wp\/v2\/comments?post=5609"}],"version-history":[{"count":0,"href":"https:\/\/www.sukain.be\/secondaire\/wp-json\/wp\/v2\/posts\/5609\/revisions"}],"wp:featuredmedia":[{"embeddable":true,"href":"https:\/\/www.sukain.be\/secondaire\/wp-json\/wp\/v2\/media\/5612"}],"wp:attachment":[{"href":"https:\/\/www.sukain.be\/secondaire\/wp-json\/wp\/v2\/media?parent=5609"}],"wp:term":[{"taxonomy":"category","embeddable":true,"href":"https:\/\/www.sukain.be\/secondaire\/wp-json\/wp\/v2\/categories?post=5609"},{"taxonomy":"post_tag","embeddable":true,"href":"https:\/\/www.sukain.be\/secondaire\/wp-json\/wp\/v2\/tags?post=5609"},{"taxonomy":"post_folder","embeddable":true,"href":"https:\/\/www.sukain.be\/secondaire\/wp-json\/wp\/v2\/post_folder?post=5609"}],"curies":[{"name":"wp","href":"https:\/\/api.w.org\/{rel}","templated":true}]}}