{"id":5168,"date":"2020-05-04T13:51:11","date_gmt":"2020-05-04T11:51:11","guid":{"rendered":"http:\/\/www.sukain.be\/secondaire\/?p=5168"},"modified":"2021-02-02T13:01:39","modified_gmt":"2021-02-02T11:01:39","slug":"%f0%9f%86%95-%f0%9f%93%b7-instagram-%f0%9f%93%b7-%e2%8f%a9","status":"publish","type":"post","link":"https:\/\/www.sukain.be\/secondaire\/%f0%9f%86%95-%f0%9f%93%b7-instagram-%f0%9f%93%b7-%e2%8f%a9\/","title":{"rendered":"? ? Instagram ! ? \u23e9"},"content":{"rendered":"\n<p>Depuis quelques mois, l&rsquo;\u00e9cole a ouvert une <strong>page Instagram<\/strong> pour partager, en images, les sorties, les productions, les exploits &amp; les nouvelles des \u00e9l\u00e8ves de la SUK! N&rsquo;h\u00e9sitez pas \u00e0 venir nous suivre \u00e0 l&rsquo;adresse suivante : <a href=\"https:\/\/www.instagram.com\/sainteuniondekain\/\">https:\/\/www.instagram.com\/sainteuniondekain\/<\/a><\/p>\n\n\n\n<figure class=\"wp-block-image\"><img loading=\"lazy\" decoding=\"async\" width=\"2659\" height=\"1416\" src=\"https:\/\/www.sukain.be\/secondaire\/wp-content\/uploads\/2020\/05\/Capture-d\u2019\u00e9cran-2020-05-04-\u00e0-13.44.00.png\" alt=\"\" class=\"wp-image-5177\" srcset=\"https:\/\/www.sukain.be\/secondaire\/wp-content\/uploads\/2020\/05\/Capture-d\u2019\u00e9cran-2020-05-04-\u00e0-13.44.00.png 2659w, https:\/\/www.sukain.be\/secondaire\/wp-content\/uploads\/2020\/05\/Capture-d\u2019\u00e9cran-2020-05-04-\u00e0-13.44.00-300x160.png 300w, https:\/\/www.sukain.be\/secondaire\/wp-content\/uploads\/2020\/05\/Capture-d\u2019\u00e9cran-2020-05-04-\u00e0-13.44.00-768x409.png 768w, https:\/\/www.sukain.be\/secondaire\/wp-content\/uploads\/2020\/05\/Capture-d\u2019\u00e9cran-2020-05-04-\u00e0-13.44.00-1024x545.png 1024w, https:\/\/www.sukain.be\/secondaire\/wp-content\/uploads\/2020\/05\/Capture-d\u2019\u00e9cran-2020-05-04-\u00e0-13.44.00-180x96.png 180w, https:\/\/www.sukain.be\/secondaire\/wp-content\/uploads\/2020\/05\/Capture-d\u2019\u00e9cran-2020-05-04-\u00e0-13.44.00-113x60.png 113w\" sizes=\"(max-width: 2659px) 100vw, 2659px\" \/><\/figure>\n","protected":false},"excerpt":{"rendered":"<p>Depuis quelques mois, l&rsquo;\u00e9cole a ouvert une page Instagram pour partager, en images, les sorties, les productions, les exploits &amp; les nouvelles des \u00e9l\u00e8ves de la SUK! N&rsquo;h\u00e9sitez pas \u00e0 venir nous suivre \u00e0 l&rsquo;adresse suivante : https:\/\/www.instagram.com\/sainteuniondekain\/<\/p>\n","protected":false},"author":3,"featured_media":5175,"comment_status":"closed","ping_status":"open","sticky":false,"template":"","format":"standard","meta":{"footnotes":""},"categories":[31],"tags":[],"post_folder":[],"yoast_head":"<!-- This site is optimized with the Yoast SEO plugin v20.0 - https:\/\/yoast.com\/wordpress\/plugins\/seo\/ -->\n<title>? ? Instagram ! ? \u23e9 - \u00c9cole secondaire de la Sainte-Union de Kain (Tournai)<\/title>\n<meta name=\"description\" content=\"Ecole Secondaire Kain-Tournai Enseignement G\u00e9n\u00e9ral, Transition (Sciences sociales et \u00e9ducatives-Biotech), Enseignement qualifiant (Educateur-Ecole h\u00f4teli\u00e8re)\" \/>\n<meta name=\"robots\" content=\"index, follow, max-snippet:-1, max-image-preview:large, max-video-preview:-1\" \/>\n<link rel=\"canonical\" href=\"https:\/\/www.sukain.be\/secondaire\/\ud83c\udd95-\ud83d\udcf7-instagram-\ud83d\udcf7-\u23e9\/\" \/>\n<meta property=\"og:locale\" content=\"fr_FR\" \/>\n<meta property=\"og:type\" content=\"article\" \/>\n<meta property=\"og:title\" content=\"? ? Instagram ! ? \u23e9 - \u00c9cole secondaire de la Sainte-Union de Kain (Tournai)\" \/>\n<meta property=\"og:description\" content=\"Ecole Secondaire Kain-Tournai Enseignement G\u00e9n\u00e9ral, Transition (Sciences sociales et \u00e9ducatives-Biotech), Enseignement qualifiant (Educateur-Ecole h\u00f4teli\u00e8re)\" \/>\n<meta property=\"og:url\" content=\"https:\/\/www.sukain.be\/secondaire\/\ud83c\udd95-\ud83d\udcf7-instagram-\ud83d\udcf7-\u23e9\/\" \/>\n<meta property=\"og:site_name\" content=\"\u00c9cole secondaire de la Sainte-Union de Kain (Tournai)\" \/>\n<meta property=\"article:published_time\" content=\"2020-05-04T11:51:11+00:00\" \/>\n<meta property=\"article:modified_time\" content=\"2021-02-02T11:01:39+00:00\" \/>\n<meta property=\"og:image\" content=\"https:\/\/www.sukain.be\/secondaire\/wp-content\/uploads\/2020\/05\/images.jpeg\" \/>\n\t<meta property=\"og:image:width\" content=\"251\" \/>\n\t<meta property=\"og:image:height\" content=\"201\" \/>\n\t<meta property=\"og:image:type\" content=\"image\/jpeg\" \/>\n<meta name=\"author\" content=\"V. Dewasme\" \/>\n<meta name=\"twitter:label1\" content=\"\u00c9crit par\" \/>\n\t<meta name=\"twitter:data1\" content=\"V. Dewasme\" \/>\n<script type=\"application\/ld+json\" class=\"yoast-schema-graph\">{\"@context\":\"https:\/\/schema.org\",\"@graph\":[{\"@type\":\"WebPage\",\"@id\":\"https:\/\/www.sukain.be\/secondaire\/%f0%9f%86%95-%f0%9f%93%b7-instagram-%f0%9f%93%b7-%e2%8f%a9\/\",\"url\":\"https:\/\/www.sukain.be\/secondaire\/%f0%9f%86%95-%f0%9f%93%b7-instagram-%f0%9f%93%b7-%e2%8f%a9\/\",\"name\":\"? ? Instagram ! ? \u23e9 - \u00c9cole secondaire de la Sainte-Union de Kain (Tournai)\",\"isPartOf\":{\"@id\":\"https:\/\/www.sukain.be\/secondaire\/#website\"},\"datePublished\":\"2020-05-04T11:51:11+00:00\",\"dateModified\":\"2021-02-02T11:01:39+00:00\",\"author\":{\"@id\":\"https:\/\/www.sukain.be\/secondaire\/#\/schema\/person\/c0f6b69a2de0f345a72471a6662bccee\"},\"description\":\"Ecole Secondaire Kain-Tournai Enseignement G\u00e9n\u00e9ral, Transition (Sciences sociales et \u00e9ducatives-Biotech), Enseignement qualifiant (Educateur-Ecole h\u00f4teli\u00e8re)\",\"breadcrumb\":{\"@id\":\"https:\/\/www.sukain.be\/secondaire\/%f0%9f%86%95-%f0%9f%93%b7-instagram-%f0%9f%93%b7-%e2%8f%a9\/#breadcrumb\"},\"inLanguage\":\"fr-FR\",\"potentialAction\":[{\"@type\":\"ReadAction\",\"target\":[\"https:\/\/www.sukain.be\/secondaire\/%f0%9f%86%95-%f0%9f%93%b7-instagram-%f0%9f%93%b7-%e2%8f%a9\/\"]}]},{\"@type\":\"BreadcrumbList\",\"@id\":\"https:\/\/www.sukain.be\/secondaire\/%f0%9f%86%95-%f0%9f%93%b7-instagram-%f0%9f%93%b7-%e2%8f%a9\/#breadcrumb\",\"itemListElement\":[{\"@type\":\"ListItem\",\"position\":1,\"name\":\"Accueil\",\"item\":\"https:\/\/www.sukain.be\/secondaire\/\"},{\"@type\":\"ListItem\",\"position\":2,\"name\":\"? ? Instagram ! ? \u23e9\"}]},{\"@type\":\"WebSite\",\"@id\":\"https:\/\/www.sukain.be\/secondaire\/#website\",\"url\":\"https:\/\/www.sukain.be\/secondaire\/\",\"name\":\"\u00c9cole secondaire de la Sainte-Union de Kain (Tournai)\",\"description\":\"Ton avenir entre tes mains\",\"potentialAction\":[{\"@type\":\"SearchAction\",\"target\":{\"@type\":\"EntryPoint\",\"urlTemplate\":\"https:\/\/www.sukain.be\/secondaire\/?s={search_term_string}\"},\"query-input\":\"required name=search_term_string\"}],\"inLanguage\":\"fr-FR\"},{\"@type\":\"Person\",\"@id\":\"https:\/\/www.sukain.be\/secondaire\/#\/schema\/person\/c0f6b69a2de0f345a72471a6662bccee\",\"name\":\"V. Dewasme\",\"image\":{\"@type\":\"ImageObject\",\"inLanguage\":\"fr-FR\",\"@id\":\"https:\/\/www.sukain.be\/secondaire\/#\/schema\/person\/image\/\",\"url\":\"https:\/\/secure.gravatar.com\/avatar\/a12f08dda44b2e584c709e110ab06302?s=96&d=mm&r=g\",\"contentUrl\":\"https:\/\/secure.gravatar.com\/avatar\/a12f08dda44b2e584c709e110ab06302?s=96&d=mm&r=g\",\"caption\":\"V. Dewasme\"},\"url\":\"https:\/\/www.sukain.be\/secondaire\/author\/v-dewasme\/\"}]}<\/script>\n<!-- \/ Yoast SEO plugin. -->","yoast_head_json":{"title":"? ? Instagram ! ? \u23e9 - \u00c9cole secondaire de la Sainte-Union de Kain (Tournai)","description":"Ecole Secondaire Kain-Tournai Enseignement G\u00e9n\u00e9ral, Transition (Sciences sociales et \u00e9ducatives-Biotech), Enseignement qualifiant (Educateur-Ecole h\u00f4teli\u00e8re)","robots":{"index":"index","follow":"follow","max-snippet":"max-snippet:-1","max-image-preview":"max-image-preview:large","max-video-preview":"max-video-preview:-1"},"canonical":"https:\/\/www.sukain.be\/secondaire\/\ud83c\udd95-\ud83d\udcf7-instagram-\ud83d\udcf7-\u23e9\/","og_locale":"fr_FR","og_type":"article","og_title":"? ? Instagram ! ? \u23e9 - \u00c9cole secondaire de la Sainte-Union de Kain (Tournai)","og_description":"Ecole Secondaire Kain-Tournai Enseignement G\u00e9n\u00e9ral, Transition (Sciences sociales et \u00e9ducatives-Biotech), Enseignement qualifiant (Educateur-Ecole h\u00f4teli\u00e8re)","og_url":"https:\/\/www.sukain.be\/secondaire\/\ud83c\udd95-\ud83d\udcf7-instagram-\ud83d\udcf7-\u23e9\/","og_site_name":"\u00c9cole secondaire de la Sainte-Union de Kain (Tournai)","article_published_time":"2020-05-04T11:51:11+00:00","article_modified_time":"2021-02-02T11:01:39+00:00","og_image":[{"width":251,"height":201,"url":"https:\/\/www.sukain.be\/secondaire\/wp-content\/uploads\/2020\/05\/images.jpeg","type":"image\/jpeg"}],"author":"V. Dewasme","twitter_misc":{"\u00c9crit par":"V. Dewasme"},"schema":{"@context":"https:\/\/schema.org","@graph":[{"@type":"WebPage","@id":"https:\/\/www.sukain.be\/secondaire\/%f0%9f%86%95-%f0%9f%93%b7-instagram-%f0%9f%93%b7-%e2%8f%a9\/","url":"https:\/\/www.sukain.be\/secondaire\/%f0%9f%86%95-%f0%9f%93%b7-instagram-%f0%9f%93%b7-%e2%8f%a9\/","name":"? ? Instagram ! ? \u23e9 - \u00c9cole secondaire de la Sainte-Union de Kain (Tournai)","isPartOf":{"@id":"https:\/\/www.sukain.be\/secondaire\/#website"},"datePublished":"2020-05-04T11:51:11+00:00","dateModified":"2021-02-02T11:01:39+00:00","author":{"@id":"https:\/\/www.sukain.be\/secondaire\/#\/schema\/person\/c0f6b69a2de0f345a72471a6662bccee"},"description":"Ecole Secondaire Kain-Tournai Enseignement G\u00e9n\u00e9ral, Transition (Sciences sociales et \u00e9ducatives-Biotech), Enseignement qualifiant (Educateur-Ecole h\u00f4teli\u00e8re)","breadcrumb":{"@id":"https:\/\/www.sukain.be\/secondaire\/%f0%9f%86%95-%f0%9f%93%b7-instagram-%f0%9f%93%b7-%e2%8f%a9\/#breadcrumb"},"inLanguage":"fr-FR","potentialAction":[{"@type":"ReadAction","target":["https:\/\/www.sukain.be\/secondaire\/%f0%9f%86%95-%f0%9f%93%b7-instagram-%f0%9f%93%b7-%e2%8f%a9\/"]}]},{"@type":"BreadcrumbList","@id":"https:\/\/www.sukain.be\/secondaire\/%f0%9f%86%95-%f0%9f%93%b7-instagram-%f0%9f%93%b7-%e2%8f%a9\/#breadcrumb","itemListElement":[{"@type":"ListItem","position":1,"name":"Accueil","item":"https:\/\/www.sukain.be\/secondaire\/"},{"@type":"ListItem","position":2,"name":"? ? Instagram ! ? \u23e9"}]},{"@type":"WebSite","@id":"https:\/\/www.sukain.be\/secondaire\/#website","url":"https:\/\/www.sukain.be\/secondaire\/","name":"\u00c9cole secondaire de la Sainte-Union de Kain (Tournai)","description":"Ton avenir entre tes mains","potentialAction":[{"@type":"SearchAction","target":{"@type":"EntryPoint","urlTemplate":"https:\/\/www.sukain.be\/secondaire\/?s={search_term_string}"},"query-input":"required name=search_term_string"}],"inLanguage":"fr-FR"},{"@type":"Person","@id":"https:\/\/www.sukain.be\/secondaire\/#\/schema\/person\/c0f6b69a2de0f345a72471a6662bccee","name":"V. Dewasme","image":{"@type":"ImageObject","inLanguage":"fr-FR","@id":"https:\/\/www.sukain.be\/secondaire\/#\/schema\/person\/image\/","url":"https:\/\/secure.gravatar.com\/avatar\/a12f08dda44b2e584c709e110ab06302?s=96&d=mm&r=g","contentUrl":"https:\/\/secure.gravatar.com\/avatar\/a12f08dda44b2e584c709e110ab06302?s=96&d=mm&r=g","caption":"V. Dewasme"},"url":"https:\/\/www.sukain.be\/secondaire\/author\/v-dewasme\/"}]}},"_links":{"self":[{"href":"https:\/\/www.sukain.be\/secondaire\/wp-json\/wp\/v2\/posts\/5168"}],"collection":[{"href":"https:\/\/www.sukain.be\/secondaire\/wp-json\/wp\/v2\/posts"}],"about":[{"href":"https:\/\/www.sukain.be\/secondaire\/wp-json\/wp\/v2\/types\/post"}],"author":[{"embeddable":true,"href":"https:\/\/www.sukain.be\/secondaire\/wp-json\/wp\/v2\/users\/3"}],"replies":[{"embeddable":true,"href":"https:\/\/www.sukain.be\/secondaire\/wp-json\/wp\/v2\/comments?post=5168"}],"version-history":[{"count":0,"href":"https:\/\/www.sukain.be\/secondaire\/wp-json\/wp\/v2\/posts\/5168\/revisions"}],"wp:featuredmedia":[{"embeddable":true,"href":"https:\/\/www.sukain.be\/secondaire\/wp-json\/wp\/v2\/media\/5175"}],"wp:attachment":[{"href":"https:\/\/www.sukain.be\/secondaire\/wp-json\/wp\/v2\/media?parent=5168"}],"wp:term":[{"taxonomy":"category","embeddable":true,"href":"https:\/\/www.sukain.be\/secondaire\/wp-json\/wp\/v2\/categories?post=5168"},{"taxonomy":"post_tag","embeddable":true,"href":"https:\/\/www.sukain.be\/secondaire\/wp-json\/wp\/v2\/tags?post=5168"},{"taxonomy":"post_folder","embeddable":true,"href":"https:\/\/www.sukain.be\/secondaire\/wp-json\/wp\/v2\/post_folder?post=5168"}],"curies":[{"name":"wp","href":"https:\/\/api.w.org\/{rel}","templated":true}]}}