{"id":3550,"date":"2017-08-29T00:25:18","date_gmt":"2017-08-28T22:25:18","guid":{"rendered":"http:\/\/www.sukain.be\/secondaire\/?p=3550"},"modified":"2021-02-02T13:06:29","modified_gmt":"2021-02-02T11:06:29","slug":"6-nouvelles-classes-totalement-equipees-en-multimedia","status":"publish","type":"post","link":"https:\/\/www.sukain.be\/secondaire\/6-nouvelles-classes-totalement-equipees-en-multimedia\/","title":{"rendered":"6 nouvelles classes totalement \u00e9quip\u00e9es en multim\u00e9dia"},"content":{"rendered":"<p>Notre \u00e9quipe technique a travaill\u00e9 d&rsquo;arrache-pied durant les vacances pour accueillir vos jeunes dans les meilleures conditions p\u00e9dagogiques et de bien-\u00eatre:<\/p>\n<ul>\n<li>couloirs repeints \u00e0 neuf et nouvel \u00e9clairage leds<\/li>\n<li>classes repeintes et \u00e9quip\u00e9es en multim\u00e9dia-internet, nouveaux plafonniers leds<\/li>\n<\/ul>\n<p>Merci et bravo \u00e0 eux!<\/p>\n<p><a href=\"https:\/\/www.sukain.be\/secondaire\/wp-content\/uploads\/2017\/08\/IMG_1086.jpg\"><img loading=\"lazy\" decoding=\"async\" class=\"alignnone wp-image-3553 \" src=\"https:\/\/www.sukain.be\/secondaire\/wp-content\/uploads\/2017\/08\/IMG_1086-e1503958915914-768x1024.jpg\" alt=\"IMG_1086\" width=\"429\" height=\"572\" srcset=\"https:\/\/www.sukain.be\/secondaire\/wp-content\/uploads\/2017\/08\/IMG_1086-e1503958915914-768x1024.jpg 768w, https:\/\/www.sukain.be\/secondaire\/wp-content\/uploads\/2017\/08\/IMG_1086-e1503958915914-225x300.jpg 225w\" sizes=\"(max-width: 429px) 100vw, 429px\" \/><\/a><\/p>\n<p><a href=\"https:\/\/www.sukain.be\/secondaire\/wp-content\/uploads\/2017\/08\/IMG_1085.jpg\"><img loading=\"lazy\" decoding=\"async\" class=\"alignnone wp-image-3552 \" src=\"https:\/\/www.sukain.be\/secondaire\/wp-content\/uploads\/2017\/08\/IMG_1085-e1503959008208-1024x768.jpg\" alt=\"IMG_1085\" width=\"517\" height=\"388\" srcset=\"https:\/\/www.sukain.be\/secondaire\/wp-content\/uploads\/2017\/08\/IMG_1085-e1503959008208-1024x768.jpg 1024w, https:\/\/www.sukain.be\/secondaire\/wp-content\/uploads\/2017\/08\/IMG_1085-e1503959008208-300x225.jpg 300w\" sizes=\"(max-width: 517px) 100vw, 517px\" \/><\/a><a href=\"https:\/\/www.sukain.be\/secondaire\/wp-content\/uploads\/2017\/08\/IMG_1082.jpg\"><img loading=\"lazy\" decoding=\"async\" class=\"alignnone wp-image-3551 \" src=\"https:\/\/www.sukain.be\/secondaire\/wp-content\/uploads\/2017\/08\/IMG_1082-e1503959079449-1024x768.jpg\" alt=\"IMG_1082\" width=\"518\" height=\"388\" srcset=\"https:\/\/www.sukain.be\/secondaire\/wp-content\/uploads\/2017\/08\/IMG_1082-e1503959079449-1024x768.jpg 1024w, https:\/\/www.sukain.be\/secondaire\/wp-content\/uploads\/2017\/08\/IMG_1082-e1503959079449-300x225.jpg 300w\" sizes=\"(max-width: 518px) 100vw, 518px\" \/><\/a><\/p>\n","protected":false},"excerpt":{"rendered":"<p>Notre \u00e9quipe technique a travaill\u00e9 d&rsquo;arrache-pied durant les vacances pour accueillir vos jeunes dans les meilleures conditions p\u00e9dagogiques et de bien-\u00eatre: couloirs repeints \u00e0 neuf et nouvel \u00e9clairage leds classes repeintes et \u00e9quip\u00e9es en multim\u00e9dia-internet, nouveaux plafonniers leds Merci et<\/p>\n","protected":false},"author":3,"featured_media":3551,"comment_status":"closed","ping_status":"open","sticky":false,"template":"","format":"standard","meta":{"footnotes":""},"categories":[31],"tags":[],"post_folder":[],"yoast_head":"<!-- This site is optimized with the Yoast SEO plugin v20.0 - https:\/\/yoast.com\/wordpress\/plugins\/seo\/ -->\n<title>6 nouvelles classes totalement \u00e9quip\u00e9es en multim\u00e9dia - \u00c9cole secondaire de la Sainte-Union de Kain (Tournai)<\/title>\n<meta name=\"description\" content=\"Ecole Secondaire Kain-Tournai Enseignement G\u00e9n\u00e9ral, Transition (Sciences sociales et \u00e9ducatives-Biotech), Enseignement qualifiant (Educateur-Ecole h\u00f4teli\u00e8re)\" \/>\n<meta name=\"robots\" content=\"index, follow, max-snippet:-1, max-image-preview:large, max-video-preview:-1\" \/>\n<link rel=\"canonical\" href=\"https:\/\/www.sukain.be\/secondaire\/6-nouvelles-classes-totalement-equipees-en-multimedia\/\" \/>\n<meta property=\"og:locale\" content=\"fr_FR\" \/>\n<meta property=\"og:type\" content=\"article\" \/>\n<meta property=\"og:title\" content=\"6 nouvelles classes totalement \u00e9quip\u00e9es en multim\u00e9dia - \u00c9cole secondaire de la Sainte-Union de Kain (Tournai)\" \/>\n<meta property=\"og:description\" content=\"Ecole Secondaire Kain-Tournai Enseignement G\u00e9n\u00e9ral, Transition (Sciences sociales et \u00e9ducatives-Biotech), Enseignement qualifiant (Educateur-Ecole h\u00f4teli\u00e8re)\" \/>\n<meta property=\"og:url\" content=\"https:\/\/www.sukain.be\/secondaire\/6-nouvelles-classes-totalement-equipees-en-multimedia\/\" \/>\n<meta property=\"og:site_name\" content=\"\u00c9cole secondaire de la Sainte-Union de Kain (Tournai)\" \/>\n<meta property=\"article:published_time\" content=\"2017-08-28T22:25:18+00:00\" \/>\n<meta property=\"article:modified_time\" content=\"2021-02-02T11:06:29+00:00\" \/>\n<meta property=\"og:image\" content=\"https:\/\/www.sukain.be\/secondaire\/wp-content\/uploads\/2017\/08\/IMG_1082-e1503959079449.jpg\" \/>\n\t<meta property=\"og:image:width\" content=\"4032\" \/>\n\t<meta property=\"og:image:height\" content=\"3024\" \/>\n\t<meta property=\"og:image:type\" content=\"image\/jpeg\" \/>\n<meta name=\"author\" content=\"V. Dewasme\" \/>\n<meta name=\"twitter:label1\" content=\"\u00c9crit par\" \/>\n\t<meta name=\"twitter:data1\" content=\"V. Dewasme\" \/>\n<script type=\"application\/ld+json\" class=\"yoast-schema-graph\">{\"@context\":\"https:\/\/schema.org\",\"@graph\":[{\"@type\":\"WebPage\",\"@id\":\"https:\/\/www.sukain.be\/secondaire\/6-nouvelles-classes-totalement-equipees-en-multimedia\/\",\"url\":\"https:\/\/www.sukain.be\/secondaire\/6-nouvelles-classes-totalement-equipees-en-multimedia\/\",\"name\":\"6 nouvelles classes totalement \u00e9quip\u00e9es en multim\u00e9dia - \u00c9cole secondaire de la Sainte-Union de Kain (Tournai)\",\"isPartOf\":{\"@id\":\"https:\/\/www.sukain.be\/secondaire\/#website\"},\"datePublished\":\"2017-08-28T22:25:18+00:00\",\"dateModified\":\"2021-02-02T11:06:29+00:00\",\"author\":{\"@id\":\"https:\/\/www.sukain.be\/secondaire\/#\/schema\/person\/c0f6b69a2de0f345a72471a6662bccee\"},\"description\":\"Ecole Secondaire Kain-Tournai Enseignement G\u00e9n\u00e9ral, Transition (Sciences sociales et \u00e9ducatives-Biotech), Enseignement qualifiant (Educateur-Ecole h\u00f4teli\u00e8re)\",\"breadcrumb\":{\"@id\":\"https:\/\/www.sukain.be\/secondaire\/6-nouvelles-classes-totalement-equipees-en-multimedia\/#breadcrumb\"},\"inLanguage\":\"fr-FR\",\"potentialAction\":[{\"@type\":\"ReadAction\",\"target\":[\"https:\/\/www.sukain.be\/secondaire\/6-nouvelles-classes-totalement-equipees-en-multimedia\/\"]}]},{\"@type\":\"BreadcrumbList\",\"@id\":\"https:\/\/www.sukain.be\/secondaire\/6-nouvelles-classes-totalement-equipees-en-multimedia\/#breadcrumb\",\"itemListElement\":[{\"@type\":\"ListItem\",\"position\":1,\"name\":\"Accueil\",\"item\":\"https:\/\/www.sukain.be\/secondaire\/\"},{\"@type\":\"ListItem\",\"position\":2,\"name\":\"6 nouvelles classes totalement \u00e9quip\u00e9es en multim\u00e9dia\"}]},{\"@type\":\"WebSite\",\"@id\":\"https:\/\/www.sukain.be\/secondaire\/#website\",\"url\":\"https:\/\/www.sukain.be\/secondaire\/\",\"name\":\"\u00c9cole secondaire de la Sainte-Union de Kain (Tournai)\",\"description\":\"Ton avenir entre tes mains\",\"potentialAction\":[{\"@type\":\"SearchAction\",\"target\":{\"@type\":\"EntryPoint\",\"urlTemplate\":\"https:\/\/www.sukain.be\/secondaire\/?s={search_term_string}\"},\"query-input\":\"required name=search_term_string\"}],\"inLanguage\":\"fr-FR\"},{\"@type\":\"Person\",\"@id\":\"https:\/\/www.sukain.be\/secondaire\/#\/schema\/person\/c0f6b69a2de0f345a72471a6662bccee\",\"name\":\"V. Dewasme\",\"image\":{\"@type\":\"ImageObject\",\"inLanguage\":\"fr-FR\",\"@id\":\"https:\/\/www.sukain.be\/secondaire\/#\/schema\/person\/image\/\",\"url\":\"https:\/\/secure.gravatar.com\/avatar\/a12f08dda44b2e584c709e110ab06302?s=96&d=mm&r=g\",\"contentUrl\":\"https:\/\/secure.gravatar.com\/avatar\/a12f08dda44b2e584c709e110ab06302?s=96&d=mm&r=g\",\"caption\":\"V. Dewasme\"},\"url\":\"https:\/\/www.sukain.be\/secondaire\/author\/v-dewasme\/\"}]}<\/script>\n<!-- \/ Yoast SEO plugin. -->","yoast_head_json":{"title":"6 nouvelles classes totalement \u00e9quip\u00e9es en multim\u00e9dia - \u00c9cole secondaire de la Sainte-Union de Kain (Tournai)","description":"Ecole Secondaire Kain-Tournai Enseignement G\u00e9n\u00e9ral, Transition (Sciences sociales et \u00e9ducatives-Biotech), Enseignement qualifiant (Educateur-Ecole h\u00f4teli\u00e8re)","robots":{"index":"index","follow":"follow","max-snippet":"max-snippet:-1","max-image-preview":"max-image-preview:large","max-video-preview":"max-video-preview:-1"},"canonical":"https:\/\/www.sukain.be\/secondaire\/6-nouvelles-classes-totalement-equipees-en-multimedia\/","og_locale":"fr_FR","og_type":"article","og_title":"6 nouvelles classes totalement \u00e9quip\u00e9es en multim\u00e9dia - \u00c9cole secondaire de la Sainte-Union de Kain (Tournai)","og_description":"Ecole Secondaire Kain-Tournai Enseignement G\u00e9n\u00e9ral, Transition (Sciences sociales et \u00e9ducatives-Biotech), Enseignement qualifiant (Educateur-Ecole h\u00f4teli\u00e8re)","og_url":"https:\/\/www.sukain.be\/secondaire\/6-nouvelles-classes-totalement-equipees-en-multimedia\/","og_site_name":"\u00c9cole secondaire de la Sainte-Union de Kain (Tournai)","article_published_time":"2017-08-28T22:25:18+00:00","article_modified_time":"2021-02-02T11:06:29+00:00","og_image":[{"width":4032,"height":3024,"url":"https:\/\/www.sukain.be\/secondaire\/wp-content\/uploads\/2017\/08\/IMG_1082-e1503959079449.jpg","type":"image\/jpeg"}],"author":"V. Dewasme","twitter_misc":{"\u00c9crit par":"V. Dewasme"},"schema":{"@context":"https:\/\/schema.org","@graph":[{"@type":"WebPage","@id":"https:\/\/www.sukain.be\/secondaire\/6-nouvelles-classes-totalement-equipees-en-multimedia\/","url":"https:\/\/www.sukain.be\/secondaire\/6-nouvelles-classes-totalement-equipees-en-multimedia\/","name":"6 nouvelles classes totalement \u00e9quip\u00e9es en multim\u00e9dia - \u00c9cole secondaire de la Sainte-Union de Kain (Tournai)","isPartOf":{"@id":"https:\/\/www.sukain.be\/secondaire\/#website"},"datePublished":"2017-08-28T22:25:18+00:00","dateModified":"2021-02-02T11:06:29+00:00","author":{"@id":"https:\/\/www.sukain.be\/secondaire\/#\/schema\/person\/c0f6b69a2de0f345a72471a6662bccee"},"description":"Ecole Secondaire Kain-Tournai Enseignement G\u00e9n\u00e9ral, Transition (Sciences sociales et \u00e9ducatives-Biotech), Enseignement qualifiant (Educateur-Ecole h\u00f4teli\u00e8re)","breadcrumb":{"@id":"https:\/\/www.sukain.be\/secondaire\/6-nouvelles-classes-totalement-equipees-en-multimedia\/#breadcrumb"},"inLanguage":"fr-FR","potentialAction":[{"@type":"ReadAction","target":["https:\/\/www.sukain.be\/secondaire\/6-nouvelles-classes-totalement-equipees-en-multimedia\/"]}]},{"@type":"BreadcrumbList","@id":"https:\/\/www.sukain.be\/secondaire\/6-nouvelles-classes-totalement-equipees-en-multimedia\/#breadcrumb","itemListElement":[{"@type":"ListItem","position":1,"name":"Accueil","item":"https:\/\/www.sukain.be\/secondaire\/"},{"@type":"ListItem","position":2,"name":"6 nouvelles classes totalement \u00e9quip\u00e9es en multim\u00e9dia"}]},{"@type":"WebSite","@id":"https:\/\/www.sukain.be\/secondaire\/#website","url":"https:\/\/www.sukain.be\/secondaire\/","name":"\u00c9cole secondaire de la Sainte-Union de Kain (Tournai)","description":"Ton avenir entre tes mains","potentialAction":[{"@type":"SearchAction","target":{"@type":"EntryPoint","urlTemplate":"https:\/\/www.sukain.be\/secondaire\/?s={search_term_string}"},"query-input":"required name=search_term_string"}],"inLanguage":"fr-FR"},{"@type":"Person","@id":"https:\/\/www.sukain.be\/secondaire\/#\/schema\/person\/c0f6b69a2de0f345a72471a6662bccee","name":"V. Dewasme","image":{"@type":"ImageObject","inLanguage":"fr-FR","@id":"https:\/\/www.sukain.be\/secondaire\/#\/schema\/person\/image\/","url":"https:\/\/secure.gravatar.com\/avatar\/a12f08dda44b2e584c709e110ab06302?s=96&d=mm&r=g","contentUrl":"https:\/\/secure.gravatar.com\/avatar\/a12f08dda44b2e584c709e110ab06302?s=96&d=mm&r=g","caption":"V. Dewasme"},"url":"https:\/\/www.sukain.be\/secondaire\/author\/v-dewasme\/"}]}},"_links":{"self":[{"href":"https:\/\/www.sukain.be\/secondaire\/wp-json\/wp\/v2\/posts\/3550"}],"collection":[{"href":"https:\/\/www.sukain.be\/secondaire\/wp-json\/wp\/v2\/posts"}],"about":[{"href":"https:\/\/www.sukain.be\/secondaire\/wp-json\/wp\/v2\/types\/post"}],"author":[{"embeddable":true,"href":"https:\/\/www.sukain.be\/secondaire\/wp-json\/wp\/v2\/users\/3"}],"replies":[{"embeddable":true,"href":"https:\/\/www.sukain.be\/secondaire\/wp-json\/wp\/v2\/comments?post=3550"}],"version-history":[{"count":0,"href":"https:\/\/www.sukain.be\/secondaire\/wp-json\/wp\/v2\/posts\/3550\/revisions"}],"wp:featuredmedia":[{"embeddable":true,"href":"https:\/\/www.sukain.be\/secondaire\/wp-json\/wp\/v2\/media\/3551"}],"wp:attachment":[{"href":"https:\/\/www.sukain.be\/secondaire\/wp-json\/wp\/v2\/media?parent=3550"}],"wp:term":[{"taxonomy":"category","embeddable":true,"href":"https:\/\/www.sukain.be\/secondaire\/wp-json\/wp\/v2\/categories?post=3550"},{"taxonomy":"post_tag","embeddable":true,"href":"https:\/\/www.sukain.be\/secondaire\/wp-json\/wp\/v2\/tags?post=3550"},{"taxonomy":"post_folder","embeddable":true,"href":"https:\/\/www.sukain.be\/secondaire\/wp-json\/wp\/v2\/post_folder?post=3550"}],"curies":[{"name":"wp","href":"https:\/\/api.w.org\/{rel}","templated":true}]}}